{"id":996,"date":"2026-02-19T16:44:19","date_gmt":"2026-02-19T16:44:19","guid":{"rendered":"https:\/\/www.av-tassilo.org\/?p=996"},"modified":"2026-02-19T16:44:19","modified_gmt":"2026-02-19T16:44:19","slug":"semesterprogramm-sommersemester-2026","status":"publish","type":"post","link":"https:\/\/www.av-tassilo.org\/?p=996","title":{"rendered":"Semesterprogramm Sommersemester 2026"},"content":{"rendered":"\n<p>Liebe Bundesbr\u00fcder, Kartellbr\u00fcder und Freunde der AV Tassilo, unser neues <a href=\"https:\/\/www.av-tassilo.org\/wp-content\/uploads\/2026\/02\/Semesterprogramm-Sommersemester-2026.pdf\" data-type=\"link\" data-id=\"https:\/\/www.av-tassilo.org\/wp-content\/uploads\/2026\/02\/Semesterprogramm-Sommersemester-2026.pdf\">Semesterprogramm f\u00fcr das Sommersemester 2026<\/a> kann heruntergeladen werden. Nat\u00fcrlich findet ihr alle Termine auch auf unserer Homepage. <\/p>\n\n\n\n<p>Wichtige Info zum WA \u201eHomemade 2\u201c:\u00a0Hier wird noch eine gesonderte Einladung ausgeschickt. Details und Anmeldung findest du dann auch hier! <\/p>\n\n\n\n<p>Wir hoffen auf rege Teilnahme und viele unvergessliche Abende in bester Gesellschaft.<\/p>\n\n\n\n<p><\/p>\n<a class=\"synved-social-button synved-social-button-share synved-social-size-32 synved-social-resolution-single synved-social-provider-facebook nolightbox\" data-provider=\"facebook\" target=\"_blank\" rel=\"nofollow\" title=\"Share on Facebook\" href=\"https:\/\/www.facebook.com\/sharer.php?u=https%3A%2F%2Fwww.av-tassilo.org%2Findex.php%3Frest_route%3D%252Fwp%252Fv2%252Fposts%252F996&#038;t=Semesterprogramm%20Sommersemester%202026&#038;s=100&#038;p&#091;url&#093;=https%3A%2F%2Fwww.av-tassilo.org%2Findex.php%3Frest_route%3D%252Fwp%252Fv2%252Fposts%252F996&#038;p&#091;images&#093;&#091;0&#093;=&#038;p&#091;title&#093;=Semesterprogramm%20Sommersemester%202026\" style=\"font-size: 0px;width:32px;height:32px;margin:0;margin-bottom:5px;margin-right:5px\"><img loading=\"lazy\" decoding=\"async\" alt=\"Facebook\" title=\"Share on Facebook\" class=\"synved-share-image synved-social-image synved-social-image-share\" width=\"32\" height=\"32\" style=\"display: inline;width:32px;height:32px;margin: 0;padding: 0;border: none;box-shadow: none\" src=\"https:\/\/www.av-tassilo.org\/wp-content\/plugins\/social-media-feather\/synved-social\/addons\/extra-icons\/image\/social\/wheel\/64x64\/facebook.png\" \/><\/a><a class=\"synved-social-button synved-social-button-share synved-social-size-32 synved-social-resolution-single synved-social-provider-twitter nolightbox\" data-provider=\"twitter\" target=\"_blank\" rel=\"nofollow\" title=\"Share on Twitter\" href=\"https:\/\/twitter.com\/intent\/tweet?url=https%3A%2F%2Fwww.av-tassilo.org%2Findex.php%3Frest_route%3D%252Fwp%252Fv2%252Fposts%252F996&#038;text=Hey%20check%20this%20out\" style=\"font-size: 0px;width:32px;height:32px;margin:0;margin-bottom:5px;margin-right:5px\"><img loading=\"lazy\" decoding=\"async\" alt=\"twitter\" title=\"Share on Twitter\" class=\"synved-share-image synved-social-image synved-social-image-share\" width=\"32\" height=\"32\" style=\"display: inline;width:32px;height:32px;margin: 0;padding: 0;border: none;box-shadow: none\" src=\"https:\/\/www.av-tassilo.org\/wp-content\/plugins\/social-media-feather\/synved-social\/addons\/extra-icons\/image\/social\/wheel\/64x64\/twitter.png\" \/><\/a><a class=\"synved-social-button synved-social-button-share synved-social-size-32 synved-social-resolution-single synved-social-provider-linkedin nolightbox\" data-provider=\"linkedin\" target=\"_blank\" rel=\"nofollow\" title=\"Share on Linkedin\" href=\"https:\/\/www.linkedin.com\/shareArticle?mini=true&#038;url=https%3A%2F%2Fwww.av-tassilo.org%2Findex.php%3Frest_route%3D%252Fwp%252Fv2%252Fposts%252F996&#038;title=Semesterprogramm%20Sommersemester%202026\" style=\"font-size: 0px;width:32px;height:32px;margin:0;margin-bottom:5px;margin-right:5px\"><img loading=\"lazy\" decoding=\"async\" alt=\"linkedin\" title=\"Share on Linkedin\" class=\"synved-share-image synved-social-image synved-social-image-share\" width=\"32\" height=\"32\" style=\"display: inline;width:32px;height:32px;margin: 0;padding: 0;border: none;box-shadow: none\" src=\"https:\/\/www.av-tassilo.org\/wp-content\/plugins\/social-media-feather\/synved-social\/addons\/extra-icons\/image\/social\/wheel\/64x64\/linkedin.png\" \/><\/a><a class=\"synved-social-button synved-social-button-share synved-social-size-32 synved-social-resolution-single synved-social-provider-mail nolightbox\" data-provider=\"mail\" rel=\"nofollow\" title=\"Share by email\" href=\"mailto:?subject=Semesterprogramm%20Sommersemester%202026&#038;body=Hey%20check%20this%20out:%20https%3A%2F%2Fwww.av-tassilo.org%2Findex.php%3Frest_route%3D%252Fwp%252Fv2%252Fposts%252F996\" style=\"font-size: 0px;width:32px;height:32px;margin:0;margin-bottom:5px\"><img loading=\"lazy\" decoding=\"async\" alt=\"mail\" title=\"Share by email\" class=\"synved-share-image synved-social-image synved-social-image-share\" width=\"32\" height=\"32\" style=\"display: inline;width:32px;height:32px;margin: 0;padding: 0;border: none;box-shadow: none\" src=\"https:\/\/www.av-tassilo.org\/wp-content\/plugins\/social-media-feather\/synved-social\/addons\/extra-icons\/image\/social\/wheel\/64x64\/mail.png\" \/><\/a>","protected":false},"excerpt":{"rendered":"<p>Liebe Bundesbr\u00fcder, Kartellbr\u00fcder und Freunde der AV Tassilo, unser neues Semesterprogramm f\u00fcr das Sommersemester 2026 kann heruntergeladen werden. Nat\u00fcrlich findet ihr alle Termine auch auf unserer Homepage. Wichtige Info zum WA \u201eHomemade 2\u201c:\u00a0Hier wird noch eine gesonderte Einladung ausgeschickt. Details und Anmeldung findest du dann auch hier! Wir hoffen auf rege Teilnahme und viele unvergessliche &hellip; <a href=\"https:\/\/www.av-tassilo.org\/?p=996\" class=\"more-link\"><span class=\"screen-reader-text\">\u201eSemesterprogramm Sommersemester 2026\u201c<\/span> weiterlesen<\/a><\/p>\n","protected":false},"author":1,"featured_media":0,"comment_status":"closed","ping_status":"closed","sticky":false,"template":"","format":"standard","meta":{"ngg_post_thumbnail":0,"footnotes":""},"categories":[1],"tags":[],"class_list":["post-996","post","type-post","status-publish","format-standard","hentry","category-uncategorized"],"_links":{"self":[{"href":"https:\/\/www.av-tassilo.org\/index.php?rest_route=\/wp\/v2\/posts\/996","targetHints":{"allow":["GET"]}}],"collection":[{"href":"https:\/\/www.av-tassilo.org\/index.php?rest_route=\/wp\/v2\/posts"}],"about":[{"href":"https:\/\/www.av-tassilo.org\/index.php?rest_route=\/wp\/v2\/types\/post"}],"author":[{"embeddable":true,"href":"https:\/\/www.av-tassilo.org\/index.php?rest_route=\/wp\/v2\/users\/1"}],"replies":[{"embeddable":true,"href":"https:\/\/www.av-tassilo.org\/index.php?rest_route=%2Fwp%2Fv2%2Fcomments&post=996"}],"version-history":[{"count":2,"href":"https:\/\/www.av-tassilo.org\/index.php?rest_route=\/wp\/v2\/posts\/996\/revisions"}],"predecessor-version":[{"id":1019,"href":"https:\/\/www.av-tassilo.org\/index.php?rest_route=\/wp\/v2\/posts\/996\/revisions\/1019"}],"wp:attachment":[{"href":"https:\/\/www.av-tassilo.org\/index.php?rest_route=%2Fwp%2Fv2%2Fmedia&parent=996"}],"wp:term":[{"taxonomy":"category","embeddable":true,"href":"https:\/\/www.av-tassilo.org\/index.php?rest_route=%2Fwp%2Fv2%2Fcategories&post=996"},{"taxonomy":"post_tag","embeddable":true,"href":"https:\/\/www.av-tassilo.org\/index.php?rest_route=%2Fwp%2Fv2%2Ftags&post=996"}],"curies":[{"name":"wp","href":"https:\/\/api.w.org\/{rel}","templated":true}]}}