{"id":480,"date":"2019-03-11T21:25:59","date_gmt":"2019-03-11T21:25:59","guid":{"rendered":"http:\/\/www.av-tassilo.org\/?p=480"},"modified":"2019-03-11T21:25:59","modified_gmt":"2019-03-11T21:25:59","slug":"semesterprogramm-sommersemester-2019","status":"publish","type":"post","link":"https:\/\/www.av-tassilo.org\/?p=480","title":{"rendered":"Semesterprogramm Sommersemester 2019"},"content":{"rendered":"\n<h2 class=\"wp-block-heading\">Sommersemester 2019<\/h2>\n\n\n\n<p>Liebe Bundesbr\u00fcder, Kartellbr\u00fcder und Freunde der AV Tassilo,<\/p>\n\n\n\n<p>unser Semesterprogramm f\u00fcr das Sommersemester 2019 steht! Wir  freuen uns darauf, viele von euch bei uns, auf unserer Tassilo, begr\u00fc\u00dfen zu d\u00fcrfen. <\/p>\n\n\n\n<p><\/p>\n\n\n\n<ul class=\"wp-block-list\"><li>M\u00e4rz<ul><li>Fr 22. \u2013 18:00    1. ord. BC mit anschlie\u00dfender Antrittskneipe<\/li><\/ul><\/li><li>April<ul><li>Mi 10. \u2013 18:00    WA: Bundesbruder Sumsi \u2013 Rauchen und die Lunge<\/li><li>Fr 26. \u2013 20:00    Semesterparty und Bierpong \u2013 Turnier<\/li><\/ul><\/li><li>Mai<ul><li>Fr 17. \u2013 So 19.    Ausflug zum Stiftungsfest der AKV Aggstein<\/li><li>Fr 24. \u2013 18:00    2. ord. BC mit anschlie\u00dfender Maibowlenkneipe<\/li><\/ul><\/li><li>Juni<ul><li>Sa. 8.    WA: Exkursion Brauerei Grieskirchen \u2013 Infos folgen<\/li><\/ul><\/li><li>Juli<ul><li>Sa 6.  \u2013 16:00    3. ord. BC mit anschlie\u00dfendem Geburtstags-BBQ<\/li><\/ul><\/li><\/ul>\n\n\n\n<p class=\"has-medium-font-size\"><strong>Mondseetage vom 06. bis 08. September<\/strong><\/p>\n<a class=\"synved-social-button synved-social-button-share synved-social-size-32 synved-social-resolution-single synved-social-provider-facebook nolightbox\" data-provider=\"facebook\" target=\"_blank\" rel=\"nofollow\" title=\"Share on Facebook\" href=\"https:\/\/www.facebook.com\/sharer.php?u=https%3A%2F%2Fwww.av-tassilo.org%2Findex.php%3Frest_route%3D%252Fwp%252Fv2%252Fposts%252F480&#038;t=Semesterprogramm%20Sommersemester%202019&#038;s=100&#038;p&#091;url&#093;=https%3A%2F%2Fwww.av-tassilo.org%2Findex.php%3Frest_route%3D%252Fwp%252Fv2%252Fposts%252F480&#038;p&#091;images&#093;&#091;0&#093;=https%3A%2F%2Fwww.av-tassilo.org%2Fwp-content%2Fuploads%2F2017%2F03%2FLogo.png&#038;p&#091;title&#093;=Semesterprogramm%20Sommersemester%202019\" style=\"font-size: 0px;width:32px;height:32px;margin:0;margin-bottom:5px;margin-right:5px\"><img loading=\"lazy\" decoding=\"async\" alt=\"Facebook\" title=\"Share on Facebook\" class=\"synved-share-image synved-social-image synved-social-image-share\" width=\"32\" height=\"32\" style=\"display: inline;width:32px;height:32px;margin: 0;padding: 0;border: none;box-shadow: none\" src=\"https:\/\/www.av-tassilo.org\/wp-content\/plugins\/social-media-feather\/synved-social\/addons\/extra-icons\/image\/social\/wheel\/64x64\/facebook.png\" \/><\/a><a class=\"synved-social-button synved-social-button-share synved-social-size-32 synved-social-resolution-single synved-social-provider-twitter nolightbox\" data-provider=\"twitter\" target=\"_blank\" rel=\"nofollow\" title=\"Share on Twitter\" href=\"https:\/\/twitter.com\/intent\/tweet?url=https%3A%2F%2Fwww.av-tassilo.org%2Findex.php%3Frest_route%3D%252Fwp%252Fv2%252Fposts%252F480&#038;text=Hey%20check%20this%20out\" style=\"font-size: 0px;width:32px;height:32px;margin:0;margin-bottom:5px;margin-right:5px\"><img loading=\"lazy\" decoding=\"async\" alt=\"twitter\" title=\"Share on Twitter\" class=\"synved-share-image synved-social-image synved-social-image-share\" width=\"32\" height=\"32\" style=\"display: inline;width:32px;height:32px;margin: 0;padding: 0;border: none;box-shadow: none\" src=\"https:\/\/www.av-tassilo.org\/wp-content\/plugins\/social-media-feather\/synved-social\/addons\/extra-icons\/image\/social\/wheel\/64x64\/twitter.png\" \/><\/a><a class=\"synved-social-button synved-social-button-share synved-social-size-32 synved-social-resolution-single synved-social-provider-linkedin nolightbox\" data-provider=\"linkedin\" target=\"_blank\" rel=\"nofollow\" title=\"Share on Linkedin\" href=\"https:\/\/www.linkedin.com\/shareArticle?mini=true&#038;url=https%3A%2F%2Fwww.av-tassilo.org%2Findex.php%3Frest_route%3D%252Fwp%252Fv2%252Fposts%252F480&#038;title=Semesterprogramm%20Sommersemester%202019\" style=\"font-size: 0px;width:32px;height:32px;margin:0;margin-bottom:5px;margin-right:5px\"><img loading=\"lazy\" decoding=\"async\" alt=\"linkedin\" title=\"Share on Linkedin\" class=\"synved-share-image synved-social-image synved-social-image-share\" width=\"32\" height=\"32\" style=\"display: inline;width:32px;height:32px;margin: 0;padding: 0;border: none;box-shadow: none\" src=\"https:\/\/www.av-tassilo.org\/wp-content\/plugins\/social-media-feather\/synved-social\/addons\/extra-icons\/image\/social\/wheel\/64x64\/linkedin.png\" \/><\/a><a class=\"synved-social-button synved-social-button-share synved-social-size-32 synved-social-resolution-single synved-social-provider-mail nolightbox\" data-provider=\"mail\" rel=\"nofollow\" title=\"Share by email\" href=\"mailto:?subject=Semesterprogramm%20Sommersemester%202019&#038;body=Hey%20check%20this%20out:%20https%3A%2F%2Fwww.av-tassilo.org%2Findex.php%3Frest_route%3D%252Fwp%252Fv2%252Fposts%252F480\" style=\"font-size: 0px;width:32px;height:32px;margin:0;margin-bottom:5px\"><img loading=\"lazy\" decoding=\"async\" alt=\"mail\" title=\"Share by email\" class=\"synved-share-image synved-social-image synved-social-image-share\" width=\"32\" height=\"32\" style=\"display: inline;width:32px;height:32px;margin: 0;padding: 0;border: none;box-shadow: none\" src=\"https:\/\/www.av-tassilo.org\/wp-content\/plugins\/social-media-feather\/synved-social\/addons\/extra-icons\/image\/social\/wheel\/64x64\/mail.png\" \/><\/a>","protected":false},"excerpt":{"rendered":"<p>Sommersemester 2019 Liebe Bundesbr\u00fcder, Kartellbr\u00fcder und Freunde der AV Tassilo, unser Semesterprogramm f\u00fcr das Sommersemester 2019 steht! Wir freuen uns darauf, viele von euch bei uns, auf unserer Tassilo, begr\u00fc\u00dfen zu d\u00fcrfen. M\u00e4rz Fr 22. \u2013 18:00 1. ord. BC mit anschlie\u00dfender Antrittskneipe April Mi 10. \u2013 18:00 WA: Bundesbruder Sumsi \u2013 Rauchen und die &hellip; <a href=\"https:\/\/www.av-tassilo.org\/?p=480\" class=\"more-link\"><span class=\"screen-reader-text\">\u201eSemesterprogramm Sommersemester 2019\u201c<\/span> weiterlesen<\/a><\/p>\n","protected":false},"author":1,"featured_media":198,"comment_status":"open","ping_status":"closed","sticky":false,"template":"","format":"standard","meta":{"ngg_post_thumbnail":0,"footnotes":""},"categories":[1],"tags":[],"class_list":["post-480","post","type-post","status-publish","format-standard","has-post-thumbnail","hentry","category-uncategorized"],"_links":{"self":[{"href":"https:\/\/www.av-tassilo.org\/index.php?rest_route=\/wp\/v2\/posts\/480","targetHints":{"allow":["GET"]}}],"collection":[{"href":"https:\/\/www.av-tassilo.org\/index.php?rest_route=\/wp\/v2\/posts"}],"about":[{"href":"https:\/\/www.av-tassilo.org\/index.php?rest_route=\/wp\/v2\/types\/post"}],"author":[{"embeddable":true,"href":"https:\/\/www.av-tassilo.org\/index.php?rest_route=\/wp\/v2\/users\/1"}],"replies":[{"embeddable":true,"href":"https:\/\/www.av-tassilo.org\/index.php?rest_route=%2Fwp%2Fv2%2Fcomments&post=480"}],"version-history":[{"count":4,"href":"https:\/\/www.av-tassilo.org\/index.php?rest_route=\/wp\/v2\/posts\/480\/revisions"}],"predecessor-version":[{"id":499,"href":"https:\/\/www.av-tassilo.org\/index.php?rest_route=\/wp\/v2\/posts\/480\/revisions\/499"}],"wp:featuredmedia":[{"embeddable":true,"href":"https:\/\/www.av-tassilo.org\/index.php?rest_route=\/wp\/v2\/media\/198"}],"wp:attachment":[{"href":"https:\/\/www.av-tassilo.org\/index.php?rest_route=%2Fwp%2Fv2%2Fmedia&parent=480"}],"wp:term":[{"taxonomy":"category","embeddable":true,"href":"https:\/\/www.av-tassilo.org\/index.php?rest_route=%2Fwp%2Fv2%2Fcategories&post=480"},{"taxonomy":"post_tag","embeddable":true,"href":"https:\/\/www.av-tassilo.org\/index.php?rest_route=%2Fwp%2Fv2%2Ftags&post=480"}],"curies":[{"name":"wp","href":"https:\/\/api.w.org\/{rel}","templated":true}]}}