{"id":159,"date":"2017-03-01T19:36:41","date_gmt":"2017-03-01T19:36:41","guid":{"rendered":"http:\/\/www.av-tassilo.org\/?p=159"},"modified":"2017-03-19T19:41:00","modified_gmt":"2017-03-19T19:41:00","slug":"semesterprogramm","status":"publish","type":"post","link":"https:\/\/www.av-tassilo.org\/?p=159","title":{"rendered":"Semesterprogramm"},"content":{"rendered":"<p>Liebe Bundesbr\u00fcder, Kartellbr\u00fcder und Freunde der AV Tassilo,<\/p>\n<p>unser neues <a href=\"http:\/\/www.av-tassilo.org\/wp-content\/uploads\/2017\/03\/Semesterprogramm_SS17.pdf\">Semesterprogramm<\/a>&nbsp;k\u00f6nnt ihr&nbsp;nun&nbsp;herunterladen. Nat\u00fcrlich findet ihr alle Termine auch auf unserer Homepage.<\/p>\n<p>Zus\u00e4tzlich werden wir dieses Semester noch einen WA veranstalten, da wir aber bis jetzt keinen Termin finden konnten, werden wir f\u00fcr diesen gesondert einladen. Also regelm\u00e4\u00dfig auf der Homepage oder auf Facebook vorbeischauen!<\/p>\n<p>Ich freue mich euch m\u00f6glichst oft auf der Bude begr\u00fc\u00dfen zu d\u00fcrfen.<\/p>\n<p>&nbsp;<\/p>\n<a class=\"synved-social-button synved-social-button-share synved-social-size-32 synved-social-resolution-single synved-social-provider-facebook nolightbox\" data-provider=\"facebook\" target=\"_blank\" rel=\"nofollow\" title=\"Share on Facebook\" href=\"https:\/\/www.facebook.com\/sharer.php?u=https%3A%2F%2Fwww.av-tassilo.org%2Findex.php%3Frest_route%3D%252Fwp%252Fv2%252Fposts%252F159&#038;t=Semesterprogramm&#038;s=100&#038;p&#091;url&#093;=https%3A%2F%2Fwww.av-tassilo.org%2Findex.php%3Frest_route%3D%252Fwp%252Fv2%252Fposts%252F159&#038;p&#091;images&#093;&#091;0&#093;=&#038;p&#091;title&#093;=Semesterprogramm\" style=\"font-size: 0px;width:32px;height:32px;margin:0;margin-bottom:5px;margin-right:5px\"><img loading=\"lazy\" decoding=\"async\" alt=\"Facebook\" title=\"Share on Facebook\" class=\"synved-share-image synved-social-image synved-social-image-share\" width=\"32\" height=\"32\" style=\"display: inline;width:32px;height:32px;margin: 0;padding: 0;border: none;box-shadow: none\" src=\"https:\/\/www.av-tassilo.org\/wp-content\/plugins\/social-media-feather\/synved-social\/addons\/extra-icons\/image\/social\/wheel\/64x64\/facebook.png\" \/><\/a><a class=\"synved-social-button synved-social-button-share synved-social-size-32 synved-social-resolution-single synved-social-provider-twitter nolightbox\" data-provider=\"twitter\" target=\"_blank\" rel=\"nofollow\" title=\"Share on Twitter\" href=\"https:\/\/twitter.com\/intent\/tweet?url=https%3A%2F%2Fwww.av-tassilo.org%2Findex.php%3Frest_route%3D%252Fwp%252Fv2%252Fposts%252F159&#038;text=Hey%20check%20this%20out\" style=\"font-size: 0px;width:32px;height:32px;margin:0;margin-bottom:5px;margin-right:5px\"><img loading=\"lazy\" decoding=\"async\" alt=\"twitter\" title=\"Share on Twitter\" class=\"synved-share-image synved-social-image synved-social-image-share\" width=\"32\" height=\"32\" style=\"display: inline;width:32px;height:32px;margin: 0;padding: 0;border: none;box-shadow: none\" src=\"https:\/\/www.av-tassilo.org\/wp-content\/plugins\/social-media-feather\/synved-social\/addons\/extra-icons\/image\/social\/wheel\/64x64\/twitter.png\" \/><\/a><a class=\"synved-social-button synved-social-button-share synved-social-size-32 synved-social-resolution-single synved-social-provider-linkedin nolightbox\" data-provider=\"linkedin\" target=\"_blank\" rel=\"nofollow\" title=\"Share on Linkedin\" href=\"https:\/\/www.linkedin.com\/shareArticle?mini=true&#038;url=https%3A%2F%2Fwww.av-tassilo.org%2Findex.php%3Frest_route%3D%252Fwp%252Fv2%252Fposts%252F159&#038;title=Semesterprogramm\" style=\"font-size: 0px;width:32px;height:32px;margin:0;margin-bottom:5px;margin-right:5px\"><img loading=\"lazy\" decoding=\"async\" alt=\"linkedin\" title=\"Share on Linkedin\" class=\"synved-share-image synved-social-image synved-social-image-share\" width=\"32\" height=\"32\" style=\"display: inline;width:32px;height:32px;margin: 0;padding: 0;border: none;box-shadow: none\" src=\"https:\/\/www.av-tassilo.org\/wp-content\/plugins\/social-media-feather\/synved-social\/addons\/extra-icons\/image\/social\/wheel\/64x64\/linkedin.png\" \/><\/a><a class=\"synved-social-button synved-social-button-share synved-social-size-32 synved-social-resolution-single synved-social-provider-mail nolightbox\" data-provider=\"mail\" rel=\"nofollow\" title=\"Share by email\" href=\"mailto:?subject=Semesterprogramm&#038;body=Hey%20check%20this%20out:%20https%3A%2F%2Fwww.av-tassilo.org%2Findex.php%3Frest_route%3D%252Fwp%252Fv2%252Fposts%252F159\" style=\"font-size: 0px;width:32px;height:32px;margin:0;margin-bottom:5px\"><img loading=\"lazy\" decoding=\"async\" alt=\"mail\" title=\"Share by email\" class=\"synved-share-image synved-social-image synved-social-image-share\" width=\"32\" height=\"32\" style=\"display: inline;width:32px;height:32px;margin: 0;padding: 0;border: none;box-shadow: none\" src=\"https:\/\/www.av-tassilo.org\/wp-content\/plugins\/social-media-feather\/synved-social\/addons\/extra-icons\/image\/social\/wheel\/64x64\/mail.png\" \/><\/a>","protected":false},"excerpt":{"rendered":"<p>Liebe Bundesbr\u00fcder, Kartellbr\u00fcder und Freunde der AV Tassilo, unser neues Semesterprogramm&nbsp;k\u00f6nnt ihr&nbsp;nun&nbsp;herunterladen. Nat\u00fcrlich findet ihr alle Termine auch auf unserer Homepage. Zus\u00e4tzlich werden wir dieses Semester noch einen WA veranstalten, da wir aber bis jetzt keinen Termin finden konnten, werden wir f\u00fcr diesen gesondert einladen. Also regelm\u00e4\u00dfig auf der Homepage oder auf Facebook vorbeischauen! Ich &hellip; <a href=\"https:\/\/www.av-tassilo.org\/?p=159\" class=\"more-link\"><span class=\"screen-reader-text\">\u201eSemesterprogramm\u201c<\/span> weiterlesen<\/a><\/p>\n","protected":false},"author":1,"featured_media":0,"comment_status":"open","ping_status":"closed","sticky":false,"template":"","format":"aside","meta":{"ngg_post_thumbnail":0,"footnotes":""},"categories":[1],"tags":[],"class_list":["post-159","post","type-post","status-publish","format-aside","hentry","category-uncategorized","post_format-post-format-aside"],"_links":{"self":[{"href":"https:\/\/www.av-tassilo.org\/index.php?rest_route=\/wp\/v2\/posts\/159","targetHints":{"allow":["GET"]}}],"collection":[{"href":"https:\/\/www.av-tassilo.org\/index.php?rest_route=\/wp\/v2\/posts"}],"about":[{"href":"https:\/\/www.av-tassilo.org\/index.php?rest_route=\/wp\/v2\/types\/post"}],"author":[{"embeddable":true,"href":"https:\/\/www.av-tassilo.org\/index.php?rest_route=\/wp\/v2\/users\/1"}],"replies":[{"embeddable":true,"href":"https:\/\/www.av-tassilo.org\/index.php?rest_route=%2Fwp%2Fv2%2Fcomments&post=159"}],"version-history":[{"count":3,"href":"https:\/\/www.av-tassilo.org\/index.php?rest_route=\/wp\/v2\/posts\/159\/revisions"}],"predecessor-version":[{"id":284,"href":"https:\/\/www.av-tassilo.org\/index.php?rest_route=\/wp\/v2\/posts\/159\/revisions\/284"}],"wp:attachment":[{"href":"https:\/\/www.av-tassilo.org\/index.php?rest_route=%2Fwp%2Fv2%2Fmedia&parent=159"}],"wp:term":[{"taxonomy":"category","embeddable":true,"href":"https:\/\/www.av-tassilo.org\/index.php?rest_route=%2Fwp%2Fv2%2Fcategories&post=159"},{"taxonomy":"post_tag","embeddable":true,"href":"https:\/\/www.av-tassilo.org\/index.php?rest_route=%2Fwp%2Fv2%2Ftags&post=159"}],"curies":[{"name":"wp","href":"https:\/\/api.w.org\/{rel}","templated":true}]}}